{"id":1029,"date":"2019-05-25T18:31:05","date_gmt":"2019-05-25T16:31:05","guid":{"rendered":"https:\/\/job-agenten.de\/?post_type=jobpost&#038;p=1029"},"modified":"2019-05-27T12:37:34","modified_gmt":"2019-05-27T10:37:34","slug":"arzt-m-w-d-fuer-allgemeinmedizin-bzw-facharzt-in-niederoesterreich","status":"publish","type":"jobpost","link":"https:\/\/job-agenten.de\/pl\/jobs\/arzt-m-w-d-fuer-allgemeinmedizin-bzw-facharzt-in-niederoesterreich\/","title":{"rendered":"Arzt (m\/w\/d) f\u00fcr Allgemeinmedizin bzw. Facharzt in Nieder\u00f6sterreich"},"content":{"rendered":"<p>Wir bieten Ihnen die M\u00f6glichkeit eigenst\u00e4ndig nach individuell geregelten Arbeitszeiten zu Arbeiten.<\/p>\n<p>Bei uns haben Sie keine Sonntags-, Bereitschafts-, Feiertags- oder Nachtdienste.\u00a0 Gerne stellen wir Sie Frei bzw. bezahlen Ihre Fort- und Weiterbildungen.<\/p>\n<p>Wichtig ist uns, eine abgeschlossene Ausbildung in der Allgemeinmedizin und\/oder fach\u00e4rztliche Ausbildung f\u00fcr Innere Medizin, Orthop\u00e4die oder Physikalische Medizin haben \u2013 ius practicandi ist Voraussetzung. Sie sollten sich f\u00fcr Pr\u00e4ventivmedizin interessieren und ein hohes Ma\u00df an Einf\u00fchlungsverm\u00f6gen besitzen.<\/p>\n<p><u>Ihre T\u00e4tigkeit:<\/u><\/p>\n<p>\u2666 \u00dcberwachung des Therapieerfolges (Erst-, Folge- und Abschlussuntersuchungen) gem\u00e4\u00df dem Leistungsprofil der Pensionsversicherungsanstalt (GVA) sowie auch der Privatpatienten\u2666<\/p>\n<p>\u2666 Behandlung von Erkrankungen des St\u00fctz- und Bewegungsapparates, Stoffwechselerkrankungen und peripheren arteriellen Verschlusskrankheiten<\/p>\n<p>\u2666 Vortragst\u00e4tigkeiten Prim\u00e4r- und Sekund\u00e4rpr\u00e4vention<\/p>\n<p>\u2666 Interdisziplin\u00e4re Zusammenarbeit mit unserer medizinisch therapeutischen Abteilun<\/p>\n<p>\u2666 Behandlung von medizinischen Notf\u00e4llen im Haus<\/p>\n<p>\u2666 Einhaltung und Gew\u00e4hrleistung der medizinischen Standards und Hygienerichtlinien<\/p>\n<p>\u2666 M\u00f6glichkeit zur Einbringung Ihres fachlichen Spezialgebiets<\/p>\n<p>Das Jahresbruttogehalt orientiert sich an Ihrer <strong>beruflichen Erfahrung<\/strong>, und etwaigen <strong>Zusatzausbildungen<\/strong>. Ihr Grundgehalt auf Basis einer 40-Std.-Woche:<\/p>\n<p>\u2666 Allgemeinmedizin: ab \u20ac 65.000,- p. a<\/p>\n<p>\u2666 Fachmedizin: ab \u20ac 75.000,- p. a.<\/p>\n","protected":false},"excerpt":{"rendered":"<p>Wir bieten Ihnen die M\u00f6glichkeit eigenst\u00e4ndig nach individuell geregelten Arbeitszeiten zu Arbeiten. Bei uns haben Sie keine Sonntags-, Bereitschafts-, Feiertags- oder Nachtdienste.\u00a0 Gerne stellen wir Sie Frei bzw. bezahlen Ihre Fort- und Weiterbildungen. Wichtig ist uns, eine abgeschlossene Ausbildung in der Allgemeinmedizin und\/oder fach\u00e4rztliche Ausbildung f\u00fcr Innere Medizin, Orthop\u00e4die oder Physikalische Medizin haben \u2013 ius [&hellip;]<\/p>\n","protected":false},"author":2,"featured_media":0,"menu_order":0,"template":"","jobpost_category":[4],"jobpost_job_type":[],"jobpost_location":[9],"jobpost_tag":[],"translation":{"provider":"WPGlobus","version":"3.0.0","language":"pl","enabled_languages":["de","pl"],"languages":{"de":{"title":true,"content":true,"excerpt":false},"pl":{"title":false,"content":false,"excerpt":false}}},"_links":{"self":[{"href":"https:\/\/job-agenten.de\/pl\/wp-json\/wp\/v2\/jobpost\/1029"}],"collection":[{"href":"https:\/\/job-agenten.de\/pl\/wp-json\/wp\/v2\/jobpost"}],"about":[{"href":"https:\/\/job-agenten.de\/pl\/wp-json\/wp\/v2\/types\/jobpost"}],"author":[{"embeddable":true,"href":"https:\/\/job-agenten.de\/pl\/wp-json\/wp\/v2\/users\/2"}],"wp:attachment":[{"href":"https:\/\/job-agenten.de\/pl\/wp-json\/wp\/v2\/media?parent=1029"}],"wp:term":[{"taxonomy":"jobpost_category","embeddable":true,"href":"https:\/\/job-agenten.de\/pl\/wp-json\/wp\/v2\/jobpost_category?post=1029"},{"taxonomy":"jobpost_job_type","embeddable":true,"href":"https:\/\/job-agenten.de\/pl\/wp-json\/wp\/v2\/jobpost_job_type?post=1029"},{"taxonomy":"jobpost_location","embeddable":true,"href":"https:\/\/job-agenten.de\/pl\/wp-json\/wp\/v2\/jobpost_location?post=1029"},{"taxonomy":"jobpost_tag","embeddable":true,"href":"https:\/\/job-agenten.de\/pl\/wp-json\/wp\/v2\/jobpost_tag?post=1029"}],"curies":[{"name":"wp","href":"https:\/\/api.w.org\/{rel}","templated":true}]}}