{"id":971,"date":"2019-03-25T20:13:13","date_gmt":"2019-03-25T19:13:13","guid":{"rendered":"https:\/\/job-agenten.de\/?post_type=jobpost&#038;p=971"},"modified":"2019-03-25T20:13:13","modified_gmt":"2019-03-25T19:13:13","slug":"fachverkaeufer-m-w-d-in-heidenheim","status":"publish","type":"jobpost","link":"https:\/\/job-agenten.de\/pl\/jobs\/fachverkaeufer-m-w-d-in-heidenheim\/","title":{"rendered":"Fachverk\u00e4ufer (m\/w\/d) in Heidenheim"},"content":{"rendered":"<p><strong>Wir suchen einen Fachverk\u00e4ufer f\u00fcr Ersatzteile und Zubeh\u00f6r (w\/m\/d) in Vollzeit in Heidenheim.<\/strong><\/p>\n<p>Ihre Aufgaben<\/p>\n<ul>\n<li>termingerechte Kommissionierung der Teile f\u00fcr die Werkstatt<\/li>\n<li>Einlagerung von Teilen und Zubeh\u00f6r<\/li>\n<li>Verkauf &amp; kompetente an Kunden<\/li>\n<\/ul>\n<p>Sie \u00fcberzeugen uns mit folgendem Profil:<\/p>\n<ul>\n<li>Sie haben Freude am Kundenkontakt<\/li>\n<li>Sie treten offen, selbstbewusst und freundlich auf<\/li>\n<li>Sie sind kommunikativ und serviceorientiert<\/li>\n<li>Sie sind flexibel in Bezug auf Arbeitszeiten<\/li>\n<li>Sie arbeiten strukturiert und organisiert<\/li>\n<li>Sie sind engagiert, motiviert und haben Freude an Teamarbeit<\/li>\n<\/ul>\n<p>&nbsp;<\/p>\n<p><strong>Haben wir Ihr Interesse geweckt? <\/strong><strong>Wir freuen uns auf Sie!<\/strong><\/p>\n","protected":false},"excerpt":{"rendered":"<p>Wir suchen einen Fachverk\u00e4ufer f\u00fcr Ersatzteile und Zubeh\u00f6r (w\/m\/d) in Vollzeit in Heidenheim. Ihre Aufgaben termingerechte Kommissionierung der Teile f\u00fcr die Werkstatt Einlagerung von Teilen und Zubeh\u00f6r Verkauf &amp; kompetente an Kunden Sie \u00fcberzeugen uns mit folgendem Profil: Sie haben Freude am Kundenkontakt Sie treten offen, selbstbewusst und freundlich auf Sie sind kommunikativ und serviceorientiert [&hellip;]<\/p>\n","protected":false},"author":2,"featured_media":0,"menu_order":0,"template":"","jobpost_category":[7],"jobpost_job_type":[],"jobpost_location":[8],"jobpost_tag":[],"translation":{"provider":"WPGlobus","version":"3.0.0","language":"pl","enabled_languages":["de","pl"],"languages":{"de":{"title":true,"content":true,"excerpt":false},"pl":{"title":false,"content":false,"excerpt":false}}},"_links":{"self":[{"href":"https:\/\/job-agenten.de\/pl\/wp-json\/wp\/v2\/jobpost\/971"}],"collection":[{"href":"https:\/\/job-agenten.de\/pl\/wp-json\/wp\/v2\/jobpost"}],"about":[{"href":"https:\/\/job-agenten.de\/pl\/wp-json\/wp\/v2\/types\/jobpost"}],"author":[{"embeddable":true,"href":"https:\/\/job-agenten.de\/pl\/wp-json\/wp\/v2\/users\/2"}],"wp:attachment":[{"href":"https:\/\/job-agenten.de\/pl\/wp-json\/wp\/v2\/media?parent=971"}],"wp:term":[{"taxonomy":"jobpost_category","embeddable":true,"href":"https:\/\/job-agenten.de\/pl\/wp-json\/wp\/v2\/jobpost_category?post=971"},{"taxonomy":"jobpost_job_type","embeddable":true,"href":"https:\/\/job-agenten.de\/pl\/wp-json\/wp\/v2\/jobpost_job_type?post=971"},{"taxonomy":"jobpost_location","embeddable":true,"href":"https:\/\/job-agenten.de\/pl\/wp-json\/wp\/v2\/jobpost_location?post=971"},{"taxonomy":"jobpost_tag","embeddable":true,"href":"https:\/\/job-agenten.de\/pl\/wp-json\/wp\/v2\/jobpost_tag?post=971"}],"curies":[{"name":"wp","href":"https:\/\/api.w.org\/{rel}","templated":true}]}}